{"id":174632,"date":"2025-05-08T22:53:45","date_gmt":"2025-05-08T20:53:45","guid":{"rendered":"https:\/\/purazell.de\/blog\/?p=174632"},"modified":"2025-08-04T17:34:39","modified_gmt":"2025-08-04T15:34:39","slug":"rote-aederchen","status":"publish","type":"post","link":"https:\/\/purazell.de\/blog\/rote-aederchen\/","title":{"rendered":"Rote \u00c4derchen im Gesicht: Was hilft wirklich dagegen?"},"content":{"rendered":"\n<p>Rote \u00c4derchen, die sich wie feine Netze \u00fcber Wangen, Nase oder Kinn ziehen, sind f\u00fcr viele Betroffene mehr als nur ein kleines Sch\u00f6nheits\u00adproblem. Es handelt sich dabei um die h\u00e4ufigste Hauterkrankung bei Erwachsenen. Hinter den auff\u00e4lligen Linien \u2013 medizinisch meist als Teleangiektasien oder Couperose bezeichnet \u2013 steckt eine dauerhafte Erweiterung oberfl\u00e4chlicher Blutgef\u00e4\u00dfe.&nbsp;<\/p>\n\n\n\n<div>\n<div class=\"wp-block-group pg-info-boxen-2\">\n<div class=\"wp-block-group__inner-container\">\n<span class=\"pg-boxen-h-2\">Das Wichtigste in K\u00fcrze:<\/span>\n<ul class=\"banner-list-pg\">\n<li>Rote \u00c4derchen im Gesicht entstehen meist durch erweiterte Kapillaren \u2013 h\u00e4ufig bei empfindlicher oder zu Rosacea neigender Haut.<\/li>\n<li>Hauptursachen sind UV-Strahlung, Temperaturschwankungen, genetische Veranlagung, Alkohol, Nikotin oder hormonelle Einfl\u00fcsse.<\/li>\n<li>Behandlungen wie Laser, IPL, sanfte Pflegeprodukte und pflanzliche Supplemente k\u00f6nnen das Hautbild sichtbar verbessern.<\/li>\n<\/ul>\n<\/div><\/div><\/div>\n\n\n\n<h2 class=\"wp-block-heading\">Was bedeuten rote \u00c4derchen im Gesicht?<\/h2>\n\n\n\n<p>R\u00f6tliche, fadenf\u00f6rmige Linien auf Wangen, Nase oder Kinn deuten meist auf <strong>Teleangiektasien<\/strong> hin \u2013 kleine oberfl\u00e4chliche Blutgef\u00e4\u00dfe, die sich dauerhaft geweitet haben. Umgangssprachlich spricht man von \u201cBesenreisern\u201d oder&nbsp; \u201cgeplatzten \u00c4derchen\u201d.<\/p>\n\n\n\n<p>Typischerweise kommen <a href=\"https:\/\/purazell.de\/blog\/besenreiser\/\" data-type=\"post\" data-id=\"174666\">Besenreiser<\/a> an den Beinen vor, wo sie als eine <strong>Vorstufe tieferer Venenprobleme <\/strong>wie <a href=\"https:\/\/purazell.de\/blog\/krampfadern\/\" data-type=\"post\" data-id=\"174567\">Krampfadern<\/a> aufgrund der Lage und Belastung der Beine vermehrt auftreten.&nbsp;<\/p>\n\n\n\n<p>Die feinen Kapillaren in den Beinen stehen durch den aufrechten Gang besonders unter Druck, da sie das <strong>Blut entgegen der Schwerkraft zur\u00fcck zum Herzen <\/strong>transportieren m\u00fcssen. Langes Sitzen, Stehen oder einschn\u00fcrende Kleidung erh\u00f6hen diesen Druck zus\u00e4tzlich.&nbsp;<\/p>\n\n\n\n<p>Doch warum treten rote \u00c4derchen dann auch im Gesicht auf \u2013 einem Bereich, der deutlich weniger von der Schwerkraft beeinflusst wird? <strong>&nbsp;<\/strong>Die Antwort liegt in einem anderen Ursachenzusammenhang, der vor allem auf die empfindliche Beschaffenheit der Gesichtshaut, \u00e4u\u00dfere Reize und genetische Veranlagung zur\u00fcckzuf\u00fchren ist.<\/p>\n\n\n\n<figure class=\"wp-block-image aligncenter size-full\"><a href=\"https:\/\/purazell.de\/blog\/wp-content\/uploads\/2025\/05\/rote-aederchen-im-gesicht.jpeg\"><img fetchpriority=\"high\" decoding=\"async\" width=\"1024\" height=\"694\" src=\"https:\/\/purazell.de\/blog\/wp-content\/uploads\/2025\/05\/rote-aederchen-im-gesicht.jpeg\" alt=\"rote-aederchen-im-gesicht\" class=\"wp-image-174742\" srcset=\"https:\/\/purazell.de\/blog\/wp-content\/uploads\/2025\/05\/rote-aederchen-im-gesicht.jpeg 1024w, https:\/\/purazell.de\/blog\/wp-content\/uploads\/2025\/05\/rote-aederchen-im-gesicht-300x203.jpeg 300w, https:\/\/purazell.de\/blog\/wp-content\/uploads\/2025\/05\/rote-aederchen-im-gesicht-768x521.jpeg 768w\" sizes=\"(max-width: 1024px) 100vw, 1024px\" \/><\/a><figcaption class=\"wp-element-caption\">Abbildung von Besenreisern an Bein, R\u00fccken, Gesicht<\/figcaption><\/figure>\n\n\n\n<h3 class=\"wp-block-heading\">Rote \u00c4derchen Gesicht Ursache<\/h3>\n\n\n\n<p>F\u00fcr viele Betroffene erscheinen die roten \u00c4derchen im Gesicht zun\u00e4chst wie aus dem Nichts \u2013 doch meist liegen komplexe Ursachen zugrunde. Zahlreiche innere und \u00e4u\u00dfere Faktoren k\u00f6nnen beteiligt sein, wirken oft zusammen und verst\u00e4rken sich gegenseitig. So steigt das Risiko, dass sich die feinen \u00c4derchen dauerhaft erweitern und sichtbar werden.<\/p>\n\n\n\n<ul class=\"wp-block-list\">\n<li><strong>Empfindliche oder sehr helle Haut (\u201eCouperose-Neigung\u201c):<\/strong> Helle, d\u00fcnne Haut enth\u00e4lt weniger st\u00fctzende Fasern. Schon leichte Reize lassen Kapillaren weiten, sodass sie dauerhaft sichtbar bleiben.<\/li>\n\n\n\n<li><strong>Genetische Veranlagung:<\/strong> Schwaches Bindegewebe oder angeboren d\u00fcnne Kapillarw\u00e4nde f\u00fchren dazu, dass sich Gef\u00e4\u00dfe schneller ausdehnen \u2013 oft findet man die \u00c4derchen bei mehreren Familienmitgliedern.<\/li>\n\n\n\n<li><strong>Rosacea (chronisch-entz\u00fcndliche Hautkrankheit):<\/strong> Entz\u00fcndliche Sch\u00fcbe reizen die Gef\u00e4\u00dfwand, f\u00f6rdern eine bleibende Weitstellung der Kapillaren und lassen typische Teleangiektasien entstehen.<\/li>\n\n\n\n<li><strong>UV-Strahlung &amp; starke Temperaturwechsel:<\/strong> UV-Licht schw\u00e4cht Kollagenasern; Hitze (z.\u202fB. Sauna) oder K\u00e4lte (z.\u202fB. Winterwind<strong>) <\/strong>f\u00fchren zu einem raschen Wechsel zwischen Erweiterung und Verengung der Blutgef\u00e4\u00dfe. Wird diese Belastung h\u00e4ufig wiederholt, kann dies dazu f\u00fchren, dass sich die Gef\u00e4\u00dfe dauerhaft erweitern.<\/li>\n\n\n\n<li><strong>Hormonelle Umstellungen (Schwangerschaft, Pille, Wechseljahre):<\/strong> \u00d6strogene lockern das Bindegewebe und steigern die Durchblutung. Gef\u00e4\u00dfe werden st\u00e4rker durchstr\u00f6mt und weiten sich leichter.<\/li>\n\n\n\n<li><strong>Alkohol, Nikotin, scharfes Essen:<\/strong> Alkohol und Chili erweitern die Gef\u00e4\u00dfe vor\u00fcbergehend (\u201eFlush\u201c); Rauchen sch\u00e4digt Gef\u00e4\u00dfw\u00e4nde langfristig und mindert ihre Elastizit\u00e4t.<\/li>\n\n\n\n<li><strong>Bluthochdruck:<\/strong> Erh\u00f6hter Druck in den Kapillaren beg\u00fcnstigt das permanente Aufweiten der feinen Gef\u00e4\u00dfe.<\/li>\n\n\n\n<li><strong>Langj\u00e4hrige Kortisonanwendung:<\/strong> Topische oder systemische Kortikoide d\u00fcnnen die Haut aus, bauen St\u00fctzfasern ab und machen Kapillaren leichter sichtbar.<\/li>\n<\/ul>\n\n\n\n<p>Sollten ein oder mehrere der Faktoren auf dich zutreffen, ist es ratsam fr\u00fchzeitig aktiv zu werden, auf einen gesunden Lebensstil zu achten und venenst\u00e4rkende Ma\u00dfnahmen zu ergreifen \u2013 so kannst du der Entstehung roter \u00c4derchen wirksam vorbeugen.<\/p>\n\n\n\n\t\t<div data-elementor-type=\"wp-post\" data-elementor-id=\"174002\" class=\"elementor elementor-174002\" data-elementor-post-type=\"ae_global_templates\">\n\t\t\t\t<div class=\"elementor-element elementor-element-d34311e e-flex e-con-boxed e-con e-parent\" data-id=\"d34311e\" data-element_type=\"container\" data-settings=\"{&quot;ekit_has_onepagescroll_dot&quot;:&quot;yes&quot;}\">\n\t\t\t\t\t<div class=\"e-con-inner\">\n\t\t<div class=\"elementor-element elementor-element-1e1392b e-flex e-con-boxed e-con e-child\" data-id=\"1e1392b\" data-element_type=\"container\" data-settings=\"{&quot;ekit_has_onepagescroll_dot&quot;:&quot;yes&quot;}\">\n\t\t\t\t\t<div class=\"e-con-inner\">\n\t\t\t\t<div class=\"elementor-element elementor-element-4dae8b8 elementor-hidden-mobile elementor-widget elementor-widget-image\" data-id=\"4dae8b8\" data-element_type=\"widget\" id=\"banner-main-trigger\" data-settings=\"{&quot;ekit_we_effect_on&quot;:&quot;none&quot;}\" data-widget_type=\"image.default\">\n\t\t\t\t<div class=\"elementor-widget-container\">\n\t\t\t\t\t\t\t\t\t\t\t\t\t\t\t\t<a href=\"https:\/\/purazell.de\/venenwunder\" target=\"_blank\">\n\t\t\t\t\t\t\t<img decoding=\"async\" width=\"800\" height=\"251\" src=\"https:\/\/purazell.de\/blog\/wp-content\/uploads\/2025\/03\/banner-venenwunder.jpeg\" class=\"elementor-animation-shrink attachment-full size-full wp-image-174004\" alt=\"\" srcset=\"https:\/\/purazell.de\/blog\/wp-content\/uploads\/2025\/03\/banner-venenwunder.jpeg 800w, https:\/\/purazell.de\/blog\/wp-content\/uploads\/2025\/03\/banner-venenwunder-300x94.jpeg 300w, https:\/\/purazell.de\/blog\/wp-content\/uploads\/2025\/03\/banner-venenwunder-768x241.jpeg 768w\" sizes=\"(max-width: 800px) 100vw, 800px\" \/>\t\t\t\t\t\t\t\t<\/a>\n\t\t\t\t\t\t\t\t\t\t\t\t\t\t\t<\/div>\n\t\t\t\t<\/div>\n\t\t\t\t<div class=\"elementor-element elementor-element-e78ea16 elementor-hidden-desktop elementor-hidden-tablet elementor-hidden-laptop elementor-widget elementor-widget-image\" data-id=\"e78ea16\" data-element_type=\"widget\" data-settings=\"{&quot;ekit_we_effect_on&quot;:&quot;none&quot;}\" data-widget_type=\"image.default\">\n\t\t\t\t<div class=\"elementor-widget-container\">\n\t\t\t\t\t\t\t\t\t\t\t\t\t\t\t\t<a href=\"https:\/\/purazell.de\/venenwunder\" target=\"_blank\">\n\t\t\t\t\t\t\t<img decoding=\"async\" width=\"300\" height=\"250\" src=\"https:\/\/purazell.de\/blog\/wp-content\/uploads\/2025\/03\/banner-venenwunder-mobile.jpg\" class=\"elementor-animation-shrink attachment-full size-full wp-image-174005\" alt=\"\" \/>\t\t\t\t\t\t\t\t<\/a>\n\t\t\t\t\t\t\t\t\t\t\t\t\t\t\t<\/div>\n\t\t\t\t<\/div>\n\t\t\t\t<div class=\"elementor-element elementor-element-bfd8c22 elementor-widget elementor-widget-image\" data-id=\"bfd8c22\" data-element_type=\"widget\" id=\"sidebar-banner-trigger\" data-settings=\"{&quot;ekit_we_effect_on&quot;:&quot;none&quot;}\" data-widget_type=\"image.default\">\n\t\t\t\t<div class=\"elementor-widget-container\">\n\t\t\t\t\t\t\t\t\t\t\t\t\t\t\t\t<a href=\"https:\/\/purazell.de\/venenwunder\" target=\"_blank\">\n\t\t\t\t\t\t\t<img loading=\"lazy\" decoding=\"async\" width=\"372\" height=\"744\" src=\"https:\/\/purazell.de\/blog\/wp-content\/uploads\/2025\/03\/banner-venenwunder-sidebar.jpeg\" class=\"elementor-animation-shrink attachment-full size-full wp-image-174006\" alt=\"\" srcset=\"https:\/\/purazell.de\/blog\/wp-content\/uploads\/2025\/03\/banner-venenwunder-sidebar.jpeg 372w, https:\/\/purazell.de\/blog\/wp-content\/uploads\/2025\/03\/banner-venenwunder-sidebar-150x300.jpeg 150w\" sizes=\"(max-width: 372px) 100vw, 372px\" \/>\t\t\t\t\t\t\t\t<\/a>\n\t\t\t\t\t\t\t\t\t\t\t\t\t\t\t<\/div>\n\t\t\t\t<\/div>\n\t\t\t\t\t<\/div>\n\t\t\t\t<\/div>\n\t\t\t\t\t<\/div>\n\t\t\t\t<\/div>\n\t\t\t\t<\/div>\n\t\t\n\n\n\n<h3 class=\"wp-block-heading\">\u201cGeplatzte \u00c4derchen im Gesicht\u201d: Sind die Adern im Gesicht geplatzt?<\/h3>\n\n\n\n<p>Der Begriff \u201egeplatzte \u00c4derchen\u201c ist zwar weit verbreitet, aber medizinisch nicht ganz korrekt. Bei den feinen, r\u00f6tlich-bl\u00e4ulichen Linien im Gesicht handelt es sich in der Regel nicht um tats\u00e4chlich \u201egeplatzte\u201c Gef\u00e4\u00dfe im Sinne einer Verletzung, sondern um <strong>dauerhaft erweiterte Kapillaren<\/strong>.&nbsp;<\/p>\n\n\n\n<p>Diese kleinen Blutgef\u00e4\u00dfe verlieren an Elastizit\u00e4t und weiten sich, sodass sie durch die Haut sichtbar werden \u2013 meist im Bereich von Nase, Wangen oder Kinn.<\/p>\n\n\n\n<h3 class=\"wp-block-heading\">Symptome: So erkennt man rote \u00c4derchen im Gesicht<\/h3>\n\n\n\n<p>Rote \u00c4derchen sind nicht zwangsl\u00e4ufig ein reines Kosmetik\u00adproblem \u2013 h\u00e4ufig treten sie zusammen mit weiteren Hautbeschwerden auf:<\/p>\n\n\n\n<ul class=\"wp-block-list\">\n<li><strong>Feine, r\u00f6tliche bis bl\u00e4uliche \u00c4derchen<\/strong>: Meist netz- oder f\u00e4cherf\u00f6rmig, gut sichtbar unter der Haut \u2013 vor allem auf Wangen, Nase und Kinn.<\/li>\n\n\n\n<li><strong>R\u00f6tungen (Flushes)<\/strong>: Tempor\u00e4re oder dauerhafte Gesichtsr\u00f6tung, oft verst\u00e4rkt durch Hitze, Stress, Alkohol oder scharfes Essen.<\/li>\n\n\n\n<li><strong>Empfindliche Haut<\/strong>: Brennen, Stechen oder Spannungsgef\u00fchl \u2013 vor allem bei Temperaturwechseln oder aggressiven Pflegeprodukten.<\/li>\n\n\n\n<li><strong>Trockene, irritierte Hautstellen<\/strong>: H\u00e4ufig bei gleichzeitig bestehender Rosacea.<\/li>\n\n\n\n<li><strong>Hitzewallungen oder Hitzegef\u00fchl im Gesicht<\/strong>: Besonders bei W\u00e4rme, Stress oder k\u00f6rperlicher Belastung.<\/li>\n<\/ul>\n\n\n\n<figure class=\"wp-block-image aligncenter size-full\"><a href=\"https:\/\/purazell.de\/blog\/wp-content\/uploads\/2025\/05\/rote-aederchen-im-gesicht-symptome-erkennen.jpeg\"><img loading=\"lazy\" decoding=\"async\" width=\"1024\" height=\"615\" src=\"https:\/\/purazell.de\/blog\/wp-content\/uploads\/2025\/05\/rote-aederchen-im-gesicht-symptome-erkennen.jpeg\" alt=\"rote-aederchen-im-gesicht-symptome-erkennen\" class=\"wp-image-174743\" srcset=\"https:\/\/purazell.de\/blog\/wp-content\/uploads\/2025\/05\/rote-aederchen-im-gesicht-symptome-erkennen.jpeg 1024w, https:\/\/purazell.de\/blog\/wp-content\/uploads\/2025\/05\/rote-aederchen-im-gesicht-symptome-erkennen-300x180.jpeg 300w, https:\/\/purazell.de\/blog\/wp-content\/uploads\/2025\/05\/rote-aederchen-im-gesicht-symptome-erkennen-768x461.jpeg 768w\" sizes=\"(max-width: 1024px) 100vw, 1024px\" \/><\/a><\/figure>\n\n\n\n<h2 class=\"wp-block-heading\">Rote \u00c4derchen Nase, Kinn &amp; Wangen: Wer ist besonders anf\u00e4llig?<\/h2>\n\n\n\n<p>Neben allgemeinen Risikofaktoren, die die Gef\u00e4\u00dfe schw\u00e4chen, treten rote \u00c4derchen im Gesicht besonders h\u00e4ufig bei bestimmten Personengruppen auf:<\/p>\n\n\n\n<ul class=\"wp-block-list\">\n<li><strong>Ehemalige Akne-Betroffene: <\/strong>Wer in der Jugend unter schwerer Akne litt, zeigt im Erwachsenenalter h\u00e4ufiger rote \u00c4derchen. Grund daf\u00fcr k\u00f6nnen entz\u00fcndliche Prozesse und Hautver\u00e4nderungen sein.<\/li>\n\n\n\n<li><strong>Schwangere Frauen: <\/strong>Hormonelle Ver\u00e4nderungen w\u00e4hrend der Schwangerschaft f\u00f6rdern die Gef\u00e4\u00dfdurchblutung und k\u00f6nnen zur Entstehung von Teleangiektasien f\u00fchren.<\/li>\n\n\n\n<li><strong>Alkoholkonsumierende Personen: <\/strong>Alkohol weitet die Blutgef\u00e4\u00dfe kurzfristig. H\u00e4ufiger oder \u00fcberm\u00e4\u00dfiger Konsum kann zu dauerhaften Gef\u00e4\u00dferweiterungen f\u00fchren.<\/li>\n\n\n\n<li><strong>Kinder (seltener, aber m\u00f6glich): <\/strong>Bei Kindern k\u00f6nnen rote \u00c4derchen gelegentlich im Rahmen von Hautver\u00e4nderungen, wie beispielsweise bei Feuermalen oder nach Verletzungen auftreten. Meist sind sie harmlos, sollten aber \u00e4rztlich abgekl\u00e4rt werden.<\/li>\n<\/ul>\n\n\n\n<h3 class=\"wp-block-heading\">Rote \u00c4derchen im Gesicht Alkohol<\/h3>\n\n\n\n<p>Alkoholkonsum geh\u00f6rt zu den h\u00e4ufigsten Ausl\u00f6sern f\u00fcr rote \u00c4derchen im Gesicht. Bereits nach kurzer Zeit f\u00fchrt Alkohol zu einer <strong>vor\u00fcbergehenden Erweiterung der Blutgef\u00e4\u00dfe<\/strong> \u2013 Vasodilatation.&nbsp;<\/p>\n\n\n\n<p>Grafik: in der Art aber mit deutschen Begriffen bitte \u201cVasodilation (Gef\u00e4\u00dferweiterung) und Vasoconstriction (Gef\u00e4\u00dfverengung)\u201d<\/p>\n\n\n\n<figure class=\"wp-block-image aligncenter size-full\"><a href=\"https:\/\/purazell.de\/blog\/wp-content\/uploads\/2025\/05\/rote-aederchen-im-gesicht-gefaesserweiterung-und-gefaessverengung.jpeg\"><img loading=\"lazy\" decoding=\"async\" width=\"1024\" height=\"614\" src=\"https:\/\/purazell.de\/blog\/wp-content\/uploads\/2025\/05\/rote-aederchen-im-gesicht-gefaesserweiterung-und-gefaessverengung.jpeg\" alt=\"rote-aederchen-im-gesicht-gefa\u0308\u00dferweiterung-und-gefae\u00dfverengung\" class=\"wp-image-174744\" srcset=\"https:\/\/purazell.de\/blog\/wp-content\/uploads\/2025\/05\/rote-aederchen-im-gesicht-gefaesserweiterung-und-gefaessverengung.jpeg 1024w, https:\/\/purazell.de\/blog\/wp-content\/uploads\/2025\/05\/rote-aederchen-im-gesicht-gefaesserweiterung-und-gefaessverengung-300x180.jpeg 300w, https:\/\/purazell.de\/blog\/wp-content\/uploads\/2025\/05\/rote-aederchen-im-gesicht-gefaesserweiterung-und-gefaessverengung-768x461.jpeg 768w\" sizes=\"(max-width: 1024px) 100vw, 1024px\" \/><\/a><figcaption class=\"wp-element-caption\">Regelm\u00e4\u00dfiger Alkoholkonsum kann zu einer dauerhaften Erweiterung der Gef\u00e4\u00dfe und somit zur Bildung von roten \u00c4derchen im Gesicht f\u00fchren.<\/figcaption><\/figure>\n\n\n\n<p>Diese bewirkt, dass die feinen Kapillaren in der Haut sichtbarer werden und das Gesicht ger\u00f6tet erscheint. Besonders an Nase, Wangen und Kinn k\u00f6nnen sich dadurch die kleinen Gef\u00e4\u00dfe deutlich abzeichnen.<\/p>\n\n\n\n<p>Bei gelegentlichem Konsum verschwindet die R\u00f6tung meist schnell wieder. Bei <strong>h\u00e4ufigem oder \u00fcberm\u00e4\u00dfigem Alkoholkonsum<\/strong> jedoch kann es langfristig zu einer dauerhaften Gef\u00e4\u00dferweiterung kommen. Die Gef\u00e4\u00dfw\u00e4nde verlieren an Elastizit\u00e4t und reagieren empfindlicher auf Reize, was die Entstehung sogenannter Teleangiektasien f\u00f6rdert.<\/p>\n\n\n\n<p>Dar\u00fcber hinaus kann Alkohol Entz\u00fcndungsprozesse in der Haut verst\u00e4rken und Hautkrankheiten wie Rosazea beg\u00fcnstigen, die ebenfalls mit ausgepr\u00e4gten roten \u00c4derchen einhergehen.&nbsp;<\/p>\n\n\n\n<p>Menschen, die anf\u00e4llig f\u00fcr solche Gef\u00e4\u00dferweiterungen sind oder bereits sichtbare rote \u00c4derchen haben, sollten ihren Alkoholkonsum daher besonders im Blick behalten.<\/p>\n\n\n\n<h3 class=\"wp-block-heading\">Rote \u00c4derchen im Gesicht Kind<\/h3>\n\n\n\n<p>Rote \u00c4derchen im Gesicht sind bei Kindern vergleichsweise selten, k\u00f6nnen jedoch gelegentlich auftreten. Meist handelt es sich dabei um harmlose Ver\u00e4nderungen, die im Zusammenhang mit verschiedenen Hautver\u00e4nderungen stehen:<\/p>\n\n\n\n<ul class=\"wp-block-list\">\n<li><strong>Feuermale<\/strong> bei S\u00e4uglingen und Kleinkindern k\u00f6nnen rote oder violette \u00c4derchen im Gesicht sichtbar machen.<\/li>\n\n\n\n<li>Nach <strong>kleinen Verletzungen oder Hautreizungen<\/strong> k\u00f6nnen vor\u00fcbergehend feine Gef\u00e4\u00dfe im Gesicht sichtbar werden.<\/li>\n<\/ul>\n\n\n\n<p>Da die Haut von Kindern besonders empfindlich ist, k\u00f6nnen Umweltfaktoren wie K\u00e4lte, Hitze oder mechanische Reize die kleinen Blutgef\u00e4\u00dfe st\u00e4rker durchbluten lassen und so zu einer R\u00f6tung f\u00fchren.&nbsp;<\/p>\n\n\n\n<p><strong>Wichtig<\/strong> ist, dass Eltern bei auff\u00e4lligen oder l\u00e4nger anhaltenden roten \u00c4derchen einen Arzt aufsuchen, um andere Hauterkrankungen auszuschlie\u00dfen und gegebenenfalls eine passende Behandlung einzuleiten.<\/p>\n\n\n\n<p>Au\u00dferdem k\u00f6nnen andere Hauterkrankungen wie <strong>Akne in der Kindheit<\/strong> das Risiko erh\u00f6hen, sp\u00e4ter im Erwachsenenalter rote \u00c4derchen oder Teleangiektasien im Gesicht zu entwickeln. Die entz\u00fcndlichen Prozesse und Hautver\u00e4nderungen bei Akne k\u00f6nnen die Gef\u00e4\u00dfstruktur langfristig beeinflussen und die Entstehung der sichtbaren \u00c4derchen beg\u00fcnstigen.<\/p>\n\n\n\n<p>In den meisten F\u00e4llen sind die roten \u00c4derchen bei Kindern jedoch unbedenklich und verschwinden mit der Zeit von selbst.<\/p>\n\n\n\n\t\t<div data-elementor-type=\"wp-post\" data-elementor-id=\"174002\" class=\"elementor elementor-174002\" data-elementor-post-type=\"ae_global_templates\">\n\t\t\t\t<div class=\"elementor-element elementor-element-d34311e e-flex e-con-boxed e-con e-parent\" data-id=\"d34311e\" data-element_type=\"container\" data-settings=\"{&quot;ekit_has_onepagescroll_dot&quot;:&quot;yes&quot;}\">\n\t\t\t\t\t<div class=\"e-con-inner\">\n\t\t<div class=\"elementor-element elementor-element-1e1392b e-flex e-con-boxed e-con e-child\" data-id=\"1e1392b\" data-element_type=\"container\" data-settings=\"{&quot;ekit_has_onepagescroll_dot&quot;:&quot;yes&quot;}\">\n\t\t\t\t\t<div class=\"e-con-inner\">\n\t\t\t\t<div class=\"elementor-element elementor-element-4dae8b8 elementor-hidden-mobile elementor-widget elementor-widget-image\" data-id=\"4dae8b8\" data-element_type=\"widget\" id=\"banner-main-trigger\" data-settings=\"{&quot;ekit_we_effect_on&quot;:&quot;none&quot;}\" data-widget_type=\"image.default\">\n\t\t\t\t<div class=\"elementor-widget-container\">\n\t\t\t\t\t\t\t\t\t\t\t\t\t\t\t\t<a href=\"https:\/\/purazell.de\/venenwunder\" target=\"_blank\">\n\t\t\t\t\t\t\t<img decoding=\"async\" width=\"800\" height=\"251\" src=\"https:\/\/purazell.de\/blog\/wp-content\/uploads\/2025\/03\/banner-venenwunder.jpeg\" class=\"elementor-animation-shrink attachment-full size-full wp-image-174004\" alt=\"\" srcset=\"https:\/\/purazell.de\/blog\/wp-content\/uploads\/2025\/03\/banner-venenwunder.jpeg 800w, https:\/\/purazell.de\/blog\/wp-content\/uploads\/2025\/03\/banner-venenwunder-300x94.jpeg 300w, https:\/\/purazell.de\/blog\/wp-content\/uploads\/2025\/03\/banner-venenwunder-768x241.jpeg 768w\" sizes=\"(max-width: 800px) 100vw, 800px\" \/>\t\t\t\t\t\t\t\t<\/a>\n\t\t\t\t\t\t\t\t\t\t\t\t\t\t\t<\/div>\n\t\t\t\t<\/div>\n\t\t\t\t<div class=\"elementor-element elementor-element-e78ea16 elementor-hidden-desktop elementor-hidden-tablet elementor-hidden-laptop elementor-widget elementor-widget-image\" data-id=\"e78ea16\" data-element_type=\"widget\" data-settings=\"{&quot;ekit_we_effect_on&quot;:&quot;none&quot;}\" data-widget_type=\"image.default\">\n\t\t\t\t<div class=\"elementor-widget-container\">\n\t\t\t\t\t\t\t\t\t\t\t\t\t\t\t\t<a href=\"https:\/\/purazell.de\/venenwunder\" target=\"_blank\">\n\t\t\t\t\t\t\t<img decoding=\"async\" width=\"300\" height=\"250\" src=\"https:\/\/purazell.de\/blog\/wp-content\/uploads\/2025\/03\/banner-venenwunder-mobile.jpg\" class=\"elementor-animation-shrink attachment-full size-full wp-image-174005\" alt=\"\" \/>\t\t\t\t\t\t\t\t<\/a>\n\t\t\t\t\t\t\t\t\t\t\t\t\t\t\t<\/div>\n\t\t\t\t<\/div>\n\t\t\t\t<div class=\"elementor-element elementor-element-bfd8c22 elementor-widget elementor-widget-image\" data-id=\"bfd8c22\" data-element_type=\"widget\" id=\"sidebar-banner-trigger\" data-settings=\"{&quot;ekit_we_effect_on&quot;:&quot;none&quot;}\" data-widget_type=\"image.default\">\n\t\t\t\t<div class=\"elementor-widget-container\">\n\t\t\t\t\t\t\t\t\t\t\t\t\t\t\t\t<a href=\"https:\/\/purazell.de\/venenwunder\" target=\"_blank\">\n\t\t\t\t\t\t\t<img loading=\"lazy\" decoding=\"async\" width=\"372\" height=\"744\" src=\"https:\/\/purazell.de\/blog\/wp-content\/uploads\/2025\/03\/banner-venenwunder-sidebar.jpeg\" class=\"elementor-animation-shrink attachment-full size-full wp-image-174006\" alt=\"\" srcset=\"https:\/\/purazell.de\/blog\/wp-content\/uploads\/2025\/03\/banner-venenwunder-sidebar.jpeg 372w, https:\/\/purazell.de\/blog\/wp-content\/uploads\/2025\/03\/banner-venenwunder-sidebar-150x300.jpeg 150w\" sizes=\"(max-width: 372px) 100vw, 372px\" \/>\t\t\t\t\t\t\t\t<\/a>\n\t\t\t\t\t\t\t\t\t\t\t\t\t\t\t<\/div>\n\t\t\t\t<\/div>\n\t\t\t\t\t<\/div>\n\t\t\t\t<\/div>\n\t\t\t\t\t<\/div>\n\t\t\t\t<\/div>\n\t\t\t\t<\/div>\n\t\t\n\n\n\n<h3 class=\"wp-block-heading\">Rote \u00c4derchen im Gesicht Schwangerschaft<\/h3>\n\n\n\n<p>W\u00e4hrend der Schwangerschaft durchl\u00e4uft der K\u00f6rper zahlreiche hormonelle Ver\u00e4nderungen, die auch die Haut und das Gef\u00e4\u00dfsystem beeinflussen. Besonders der Anstieg von Hormonen wie \u00d6strogen und Progesteron f\u00fchrt zu einer <strong>verst\u00e4rkten Durchblutung und erweiterten Blutgef\u00e4\u00dfen<\/strong> im Gesicht.&nbsp;<\/p>\n\n\n\n<p>Zus\u00e4tzlich sorgt das erh\u00f6hte Blutvolumen und die gesteigerte Gef\u00e4\u00dfpermeabilit\u00e4t daf\u00fcr, dass die kleinen Kapillaren leichter erweiterbar und dadurch sichtbarer werden.&nbsp;<\/p>\n\n\n\n<p>In der Regel verschwinden die roten \u00c4derchen nach der Geburt von selbst wieder, wenn sich der Hormonspiegel normalisiert und die Gef\u00e4\u00dfe sich zur\u00fcckbilden. Trotzdem kann die Schwangerschaft bei manchen Frauen auch eine bestehende Neigung zu Gef\u00e4\u00dferweiterungen verst\u00e4rken oder das <strong>Auftreten von Hauterkrankungen wie Rosazea<\/strong> beg\u00fcnstigen.&nbsp;<\/p>\n\n\n\n<p>Um die Haut in dieser Zeit bestm\u00f6glich zu sch\u00fctzen, ist eine schonende Hautpflege und der <strong>Schutz vor starken Temperaturschwankungen<\/strong> empfehlenswert.<\/p>\n\n\n\n<div><div class=\"wp-block-group pg-info-boxen\">\n<div class=\"wp-block-group__inner-container\">\n<span class=\"pg-boxen-h\">Schon gewusst?<\/span>\n<p class=\"pg-boxen-p\">Nicht nur das Risiko f\u00fcr rote \u00c4derchen im Gesicht, sondern auch die Wahrscheinlichkeit f\u00fcr Krampfadern in der Schwangerschaft steigt enorm an \u2013 bereits bei der ersten Schwangerschaft um 78 %.<\/p>\n<\/div><\/div><\/div>\n\n\n\n<h2 class=\"wp-block-heading\">Rote \u00c4derchen im Gesicht: Was tun?<\/h2>\n\n\n\n<p>Wenn pl\u00f6tzlich feine, rote \u00c4derchen auf Nase, Wangen oder Kinn sichtbar werden, ist der erste Schritt <strong>Beobachtung statt Panik<\/strong>.&nbsp;<\/p>\n\n\n\n<p>Notiere, wann und unter welchen Umst\u00e4nden die Gef\u00e4\u00dfe deutlicher hervortreten. Zum Beispiel nach:<\/p>\n\n\n\n<ul class=\"wp-block-list\">\n<li>hei\u00dfer Dusche<\/li>\n\n\n\n<li>Alkohol<\/li>\n\n\n\n<li>Sport<\/li>\n\n\n\n<li>Sonnenbad<\/li>\n<\/ul>\n\n\n\n<p>Versuche anschlie\u00dfend, die wichtigsten <strong>Trigger<\/strong> f\u00fcr zwei bis drei Wochen bewusst zu meiden. Kl\u00e4rt sich die R\u00f6tung nicht oder treten begleitende Symptome wie Brennen, Pusteln oder Schmerzen auf, empfiehlt sich eine dermatologische Untersuchung.&nbsp;<\/p>\n\n\n\n<p>Schon beim Erstgespr\u00e4ch k\u00f6nnen die \u00c4rzte mit einer Auflichtmikroskopie feststellen, ob es sich um harmlose Teleangiektasien, eine Rosazea oder andere Gef\u00e4\u00dfanomalien handelt.<\/p>\n\n\n\n<h3 class=\"wp-block-heading\">Unterscheidung zwischen harmlosen R\u00f6tungen, Hauterkrankungen und behandlungs\u00adbed\u00fcrftigen Ver\u00e4nderungen<\/h3>\n\n\n\n<p>Feine rote \u00c4derchen im Gesicht k\u00f6nnen v\u00f6llig harmlos sein \u2013 oder ein Hinweis darauf, dass mehr dahintersteckt.&nbsp;<\/p>\n\n\n\n<p>Wer eine dauerhafte Gesichts\u00adr\u00f6tung bemerkt, sollte deshalb zuerst kl\u00e4ren lassen, <strong>welche Art von Gef\u00e4\u00dfver\u00e4nderung<\/strong> vorliegt. Denn je nach Ursache reicht eine rein kosmetische Laserbehandlung, w\u00e4hrend andere Befunde zwingend dermatologisch therapiert geh\u00f6ren.&nbsp;<\/p>\n\n\n\n<figure class=\"wp-block-table\"><table class=\"has-fixed-layout\"><tbody><tr><td><strong>Merkmal<\/strong><\/td><td><strong>Meist harmlos \/ kosmetisch<\/strong><\/td><td><strong>Hinweis auf Hauterkrankung<\/strong><\/td><td><strong>Behandlungs\u00ad bed\u00fcrftig<\/strong><\/td><\/tr><tr><td><strong>Aussehen<\/strong><\/td><td>feine, einzelne rote \u00c4derchen, kaum entz\u00fcndet<\/td><td>fl\u00e4chige R\u00f6tung, Papeln, Pusteln (Rosazea); knotige Gef\u00e4\u00dferweiterungen (H\u00e4mangiom)<\/td><td>pl\u00f6tzliches Netz neuer \u00c4derchen, Blutungen<\/td><\/tr><tr><td><strong>Begleit symptome<\/strong><\/td><td>keine Schmerzen oder Brennen<\/td><td>Brennen, Hitzegef\u00fchl, Schwellung<\/td><td>Schmerz, st\u00e4rkere Blutung, rasches Wachstum<\/td><\/tr><tr><td><strong>Verlauf<\/strong><\/td><td>unver\u00e4ndert oder langsam zunehmend<\/td><td>schubweise Verschlechterungen<\/td><td>schnelle Zunahme der Gef\u00e4\u00dfe<\/td><\/tr><\/tbody><\/table><\/figure>\n\n\n\n<p>Besonders h\u00e4ufig werden <strong>Teleangiektasien<\/strong>, also erweiterte, sichtbare \u00c4derchen, mit der chronisch-entz\u00fcndlichen Hauterkrankung <strong>Rosazea<\/strong> verwechselt. Dabei sind Teleangiektasien nur ein m\u00f6gliches Symptom der Rosazea \u2013 sie k\u00f6nnen aber auch unabh\u00e4ngig davon auftreten, zum Beispiel durch UV-Sch\u00e4den oder genetische Veranlagung.<\/p>\n\n\n\n<p>Rosazea betrifft ausschlie\u00dflich das Gesicht und entwickelt sich meist schleichend. Ohne Behandlung nimmt die Auspr\u00e4gung der Symptome \u00fcber die Jahre zu. In etwa der H\u00e4lfte der F\u00e4lle sind auch die <strong>Augen betroffen<\/strong> \u2013 mit R\u00f6tungen, Brennen oder Bindehautentz\u00fcndungen, teils sogar noch bevor Hautver\u00e4nderungen sichtbar sind.&nbsp;<\/p>\n\n\n\n<p>Bleibt die Erkrankung unbehandelt, kann es im Sp\u00e4tstadium zu einer Verdickung der Haut, insbesondere an der Nase, sowie zu vergr\u00f6\u00dferten Poren kommen.<\/p>\n\n\n\n<p>Typische Symptome der Rosazea:<\/p>\n\n\n\n<ul class=\"wp-block-list\">\n<li>Anhaltende R\u00f6tungen (Flush, Blushing) und <strong>Schwellungen<\/strong> im Gesicht<\/li>\n\n\n\n<li><strong>Hitzegef\u00fchl<\/strong> und spontane Blutwallungen<\/li>\n\n\n\n<li><strong>Erweiterte Blutgef\u00e4\u00dfe<\/strong> \u2013 Teleangiektasien<\/li>\n\n\n\n<li>Bildung von <strong>entz\u00fcndlichen Knoten, Papeln und Eiterbl\u00e4schen<\/strong><\/li>\n<\/ul>\n\n\n\n<h3 class=\"wp-block-heading\">Vorbeugung und Linderung: Was hilft gegen rote \u00c4derchen im Gesicht?<\/h3>\n\n\n\n<p>Ganz beseitigen lassen sich genetische Veranlagung oder bereits entstandene Teleangiektasien zwar nur mit Laser- bzw. IPL-Behandlungen; mit einigen konsequenten Alltags\u00adma\u00dfnahmen kannst du jedoch verhindern, dass sie \u00fcberhaupt entstehen und bereits bestehende st\u00e4rker hervortreten oder sich ausweiten.<\/p>\n\n\n\n<p>Der Hauptfaktor ist ein Zusammenspiel aus Risikominimierung und aktiver Unterst\u00fctzung der Venen. Das bedeutet: \u00c4u\u00dfere Reize, die die Blutgef\u00e4\u00dfe stark weiten oder reizen, sollten m\u00f6glichst vermieden werden \u2013 gleichzeitig kann die Hautbarriere gezielt gest\u00e4rkt und die Gef\u00e4\u00dfelastizit\u00e4t verbessert werden.&nbsp;<\/p>\n\n\n\n<p>Je fr\u00fcher du damit beginnst, desto gr\u00f6\u00dfer sind die Chancen, das Fortschreiten der Gef\u00e4\u00dfver\u00e4nderungen zu verlangsamen oder ganz aufzuhalten.<\/p>\n\n\n\n<figure class=\"wp-block-table\"><table class=\"has-fixed-layout\"><tbody><tr><td><strong>Ma\u00dfnahme<\/strong><\/td><td><strong>Warum sie wirkt<\/strong><\/td><td><strong>So setzt du sie um<\/strong><\/td><\/tr><tr><td><strong>Venenst\u00e4rkende Supplemente<\/strong><\/td><td>Studien best\u00e4tigen die venenst\u00e4rkenden Effekte von <strong>Seekiefer-Extrakt<\/strong> (2), <strong><a href=\"https:\/\/purazell.de\/blog\/rosskastanien-wirkung\/\" data-type=\"post\" data-id=\"174561\">Rosskastanie<\/a><\/strong> (3), <strong><a href=\"https:\/\/purazell.de\/blog\/steinklee-wirkung\/\" data-type=\"post\" data-id=\"174565\">Steinklee<\/a><\/strong> (5) <strong>\u00a0<a href=\"https:\/\/purazell.de\/blog\/rotes-weinlaub\/\" data-type=\"post\" data-id=\"174563\">rotem Weinlaub<\/a><\/strong> (4) und mehr<\/td><td>Kombinationspr\u00e4parate, in denen mehrere Wirkstoffe zusammen\u00adkommen, potenzieren die Effekte der einzelnen Inhaltsstoffe.<\/td><\/tr><tr><td><strong>T\u00e4glicher UV-Schutz (LSF 30 +)<\/strong><\/td><td>UV-Strahlung baut Kollagen ab und schw\u00e4cht die Gef\u00e4\u00dfw\u00e4nde.<\/td><td>Ganzj\u00e4hrig Sonnencreme mit Breitbandfilter; im Sommer LSF 50, breitkrempiger Hut.<\/td><\/tr><tr><td><strong>Reizarme Reinigung &amp; Pflege<\/strong><\/td><td>Aggressive Tenside\/Alkohol verschlechtern die Hautbarriere und f\u00f6rdern Entz\u00fcndung.<\/td><td>pH-neutrale Reiniger, lauwarmes Wasser, anschlie\u00dfend beruhigende Cremes mit pflanzlichen Wirkstoffen<\/td><\/tr><tr><td><strong>Trigger meiden<\/strong><\/td><td>Weniger Vasodilatation = weniger neue \u00c4derchen.<\/td><td>Scharfes Essen, hei\u00dfe Getr\u00e4nke, Saunag\u00e4nge, starke Temperatur\u00adwechsel, Nikotin, \u00fcberm\u00e4\u00dfiger Alkohol einschr\u00e4nken.<\/td><\/tr><tr><td><strong>K\u00fchlen statt erhitzen<\/strong><\/td><td>Rasche Gef\u00e4\u00dfverengung beruhigt akute R\u00f6tung.<\/td><td>K\u00fchlpad\/Thermalwasserspray 1\u20132 Minuten auflegen; kaltes Wasser zum Schluss beim Waschen.<\/td><\/tr><tr><td><strong>Gesunder Lebensstil<\/strong><\/td><td>Senkt systemische Risikofaktoren, wie Bluthochdruck &amp; Entz\u00fcndung.<\/td><td>Ausgewogene Ern\u00e4hrung, Omega-3-Fetts\u00e4uren, moderater Ausdauersport, Stressmanagement<\/td><\/tr><tr><td><strong>Regelm\u00e4\u00dfige Blutdruckkontrolle<\/strong><\/td><td>Hoher Druck beg\u00fcnstigt dauerhafte Gef\u00e4\u00df\u00adsch\u00e4den.<\/td><td>Werte &lt; 130\/80 mmHg anstreben; bei Hypertonie mit \u00c4rzten Therapie optimieren.<\/td><\/tr><tr><td><strong>Fr\u00fches Handeln bei Rosazea<\/strong><\/td><td>Hemmt Entz\u00fcndung, stoppt Gef\u00e4\u00dfwuchern.<\/td><td>Fachkundige Behandlung bei einem Dermatologen.<\/td><\/tr><tr><td><strong>Kaschieren ohne Reizung<\/strong><\/td><td>Sofortiger optischer Effekt ohne Hautstress.<\/td><td>Gr\u00fcnstichiger Primer, nicht-komedogene Foundation; sanft mit Schw\u00e4mmchen auftupfen, abends gr\u00fcndlich entfernen.<\/td><\/tr><\/tbody><\/table><\/figure>\n\n\n\n<h3 class=\"wp-block-heading\">Rote \u00c4derchen im Gesicht entfernen: Geht das?<\/h3>\n\n\n\n<p>Eine Entfernung der roten \u00c4derchen ist nicht notwendig, da sie allein keine gesundheitliche Einschr\u00e4nkung darstellen. Wer dennoch eine Entfernung w\u00fcnscht, hat die Auswahl zwischen mehreren minimalinvasiven Verfahren, um die roten \u00c4derchen im Gesicht dauerhaft und narbenfrei entfernen zu lassen.&nbsp;<\/p>\n\n\n\n<p>Welche Methode infrage kommt, h\u00e4ngt von der Farbe, Tiefe und Ausdehnung der Gef\u00e4\u00dfe sowie vom Hauttyp ab.<\/p>\n\n\n\n<p>Bew\u00e4hrte Behandlungsmethoden sind:<\/p>\n\n\n\n<ol class=\"wp-block-list\">\n<li><strong>Farbstoff- oder KTP-Laser (532 nm):<\/strong> Ideal f\u00fcr oberfl\u00e4chliche, hellrote \u00c4derchen, wie sie oft an der Nase auftreten. Meist sind 1\u20132 Sitzungen n\u00f6tig. Nach der Behandlung k\u00f6nnen leichte R\u00f6tungen oder punktuelle Verf\u00e4rbungen f\u00fcr 2\u20133 Tage auftreten.<br><\/li>\n\n\n\n<li><strong>Nd:YAG-Laser (1064 nm):<\/strong> Dringt tiefer in die Haut ein und wirkt auch bei bl\u00e4ulich-r\u00f6tlichen Gef\u00e4\u00dfen sowie dichterem Gef\u00e4\u00dfnetz, etwa bei Rosazea. 1\u20133 Sitzungen sind \u00fcblich. Nachbehandlungen k\u00f6nnen eine Schwellung oder Krustenbildung von 2\u20135 Tagen verursachen.<br><\/li>\n\n\n\n<li><strong>IPL (Intense Pulsed Light):<\/strong> Bietet ein breites Lichtspektrum und eignet sich gut f\u00fcr fl\u00e4chige Couperose oder Mischformen. F\u00fcr optimale Ergebnisse sind 2\u20134 Sitzungen empfehlenswert. Die Haut kann nach der Behandlung kurzfristig ger\u00f6tet oder leicht geschwollen sein.<\/li>\n<\/ol>\n\n\n\n<p><strong>Lasertherapie<\/strong> hat sich auch zur <a href=\"https:\/\/purazell.de\/blog\/krampfadern-entfernen\/\" data-type=\"post\" data-id=\"174573\">Entfernung von Krampfadern<\/a> bew\u00e4hrt und bietet im Vergleich zu anderen Methoden nicht nur eine bessere Patientenzufriedenheit, sondern auch den besten Kosten-Nutzen-Vergleich.<\/p>\n\n\n\n<p>Die Kosten pro Sitzung liegen in der Regel zwischen 80 und 300 Euro und m\u00fcssen meist privat getragen werden. Eine <strong>Kosten\u00fcbernahme durch die Krankenkassen<\/strong> erfolgt nur in Ausnahmef\u00e4llen, wenn eine medizinische Indikation vorliegt \u2013 beispielsweise bei wiederkehrenden Blutungen oder einem ausgepr\u00e4gten Rhinophym.<\/p>\n\n\n\n<h4 class=\"wp-block-heading\"><strong>Wann sollte man mit der Behandlung warten?<\/strong><\/h4>\n\n\n\n<ul class=\"wp-block-list\">\n<li>W\u00e4hrend Schwangerschaft oder Stillzeit<\/li>\n\n\n\n<li>Bei akuten Hautentz\u00fcndungen oder Herpes<\/li>\n\n\n\n<li>Nach starker UV-Exposition (Sonnenbrand)<\/li>\n\n\n\n<li>W\u00e4hrend oder kurz nach Isotretinoin-Therapie (mindestens 6 Monate Abstand)<\/li>\n\n\n\n<li>Bei aktiver Rosazea (erst Entz\u00fcndung behandeln, dann Laser)<\/li>\n<\/ul>\n\n\n\n\t\t<div data-elementor-type=\"wp-post\" data-elementor-id=\"174002\" class=\"elementor elementor-174002\" data-elementor-post-type=\"ae_global_templates\">\n\t\t\t\t<div class=\"elementor-element elementor-element-d34311e e-flex e-con-boxed e-con e-parent\" data-id=\"d34311e\" data-element_type=\"container\" data-settings=\"{&quot;ekit_has_onepagescroll_dot&quot;:&quot;yes&quot;}\">\n\t\t\t\t\t<div class=\"e-con-inner\">\n\t\t<div class=\"elementor-element elementor-element-1e1392b e-flex e-con-boxed e-con e-child\" data-id=\"1e1392b\" data-element_type=\"container\" data-settings=\"{&quot;ekit_has_onepagescroll_dot&quot;:&quot;yes&quot;}\">\n\t\t\t\t\t<div class=\"e-con-inner\">\n\t\t\t\t<div class=\"elementor-element elementor-element-4dae8b8 elementor-hidden-mobile elementor-widget elementor-widget-image\" data-id=\"4dae8b8\" data-element_type=\"widget\" id=\"banner-main-trigger\" data-settings=\"{&quot;ekit_we_effect_on&quot;:&quot;none&quot;}\" data-widget_type=\"image.default\">\n\t\t\t\t<div class=\"elementor-widget-container\">\n\t\t\t\t\t\t\t\t\t\t\t\t\t\t\t\t<a href=\"https:\/\/purazell.de\/venenwunder\" target=\"_blank\">\n\t\t\t\t\t\t\t<img decoding=\"async\" width=\"800\" height=\"251\" src=\"https:\/\/purazell.de\/blog\/wp-content\/uploads\/2025\/03\/banner-venenwunder.jpeg\" class=\"elementor-animation-shrink attachment-full size-full wp-image-174004\" alt=\"\" srcset=\"https:\/\/purazell.de\/blog\/wp-content\/uploads\/2025\/03\/banner-venenwunder.jpeg 800w, https:\/\/purazell.de\/blog\/wp-content\/uploads\/2025\/03\/banner-venenwunder-300x94.jpeg 300w, https:\/\/purazell.de\/blog\/wp-content\/uploads\/2025\/03\/banner-venenwunder-768x241.jpeg 768w\" sizes=\"(max-width: 800px) 100vw, 800px\" \/>\t\t\t\t\t\t\t\t<\/a>\n\t\t\t\t\t\t\t\t\t\t\t\t\t\t\t<\/div>\n\t\t\t\t<\/div>\n\t\t\t\t<div class=\"elementor-element elementor-element-e78ea16 elementor-hidden-desktop elementor-hidden-tablet elementor-hidden-laptop elementor-widget elementor-widget-image\" data-id=\"e78ea16\" data-element_type=\"widget\" data-settings=\"{&quot;ekit_we_effect_on&quot;:&quot;none&quot;}\" data-widget_type=\"image.default\">\n\t\t\t\t<div class=\"elementor-widget-container\">\n\t\t\t\t\t\t\t\t\t\t\t\t\t\t\t\t<a href=\"https:\/\/purazell.de\/venenwunder\" target=\"_blank\">\n\t\t\t\t\t\t\t<img decoding=\"async\" width=\"300\" height=\"250\" src=\"https:\/\/purazell.de\/blog\/wp-content\/uploads\/2025\/03\/banner-venenwunder-mobile.jpg\" class=\"elementor-animation-shrink attachment-full size-full wp-image-174005\" alt=\"\" \/>\t\t\t\t\t\t\t\t<\/a>\n\t\t\t\t\t\t\t\t\t\t\t\t\t\t\t<\/div>\n\t\t\t\t<\/div>\n\t\t\t\t<div class=\"elementor-element elementor-element-bfd8c22 elementor-widget elementor-widget-image\" data-id=\"bfd8c22\" data-element_type=\"widget\" id=\"sidebar-banner-trigger\" data-settings=\"{&quot;ekit_we_effect_on&quot;:&quot;none&quot;}\" data-widget_type=\"image.default\">\n\t\t\t\t<div class=\"elementor-widget-container\">\n\t\t\t\t\t\t\t\t\t\t\t\t\t\t\t\t<a href=\"https:\/\/purazell.de\/venenwunder\" target=\"_blank\">\n\t\t\t\t\t\t\t<img loading=\"lazy\" decoding=\"async\" width=\"372\" height=\"744\" src=\"https:\/\/purazell.de\/blog\/wp-content\/uploads\/2025\/03\/banner-venenwunder-sidebar.jpeg\" class=\"elementor-animation-shrink attachment-full size-full wp-image-174006\" alt=\"\" srcset=\"https:\/\/purazell.de\/blog\/wp-content\/uploads\/2025\/03\/banner-venenwunder-sidebar.jpeg 372w, https:\/\/purazell.de\/blog\/wp-content\/uploads\/2025\/03\/banner-venenwunder-sidebar-150x300.jpeg 150w\" sizes=\"(max-width: 372px) 100vw, 372px\" \/>\t\t\t\t\t\t\t\t<\/a>\n\t\t\t\t\t\t\t\t\t\t\t\t\t\t\t<\/div>\n\t\t\t\t<\/div>\n\t\t\t\t\t<\/div>\n\t\t\t\t<\/div>\n\t\t\t\t\t<\/div>\n\t\t\t\t<\/div>\n\t\t\t\t<\/div>\n\t\t\n\n\n\n<h2 class=\"wp-block-heading\">Fazit: Unterst\u00fctze deine Venengesundheit fr\u00fchzeitig und vermeide so rote \u00c4derchen im Gesicht&nbsp;<\/h2>\n\n\n\n<p>Rote \u00c4derchen im Gesicht sind h\u00e4ufige, meist harmlose Gef\u00e4\u00dfver\u00e4nderungen, die durch eine Erweiterung kleiner Blutgef\u00e4\u00dfe entstehen. Sie k\u00f6nnen genetisch bedingt sein oder durch Faktoren wie UV-Strahlung, Alkohol, hormonelle Ver\u00e4nderungen, Hauterkrankungen wie Rosazea oder Bluthochdruck beg\u00fcnstigt werden. Obwohl sie meist nur kosmetisch st\u00f6rend wirken, k\u00f6nnen sie auch ein Warnsignal f\u00fcr tiefliegendere Probleme, wie eine Venenschw\u00e4che, entz\u00fcndliche Hauterkrankungen oder einen sch\u00e4dlichen Lebensstil sein.<\/p>\n\n\n\n<p>Um eine kostspielige Laserbehandlung zu vermeiden, bieten sich alltagstaugliche Lebensstil\u00e4nderungen als einfache und effektive Alternative an, um der Entstehung st\u00f6render roter \u00c4derchen im Gesicht vorzubeugen:<\/p>\n\n\n\n<p><strong>\u2705 Pflanzliche Supplemente:<\/strong> Rosskastanie, Seekiefer-Extrakt und weitere nat\u00fcrliche Wirkstoffe k\u00f6nnen die Venen st\u00e4rken und die Symptome deutlich lindern.<\/p>\n\n\n\n<p><strong>\u2705 Risikofaktoren meiden:<\/strong> Sonnenstrahlung, Rauchen, \u00dcbergewicht sowie \u00fcberm\u00e4\u00dfige Hitze oder scharfes Essen schw\u00e4chen die Gef\u00e4\u00dfw\u00e4nde und f\u00f6rdern die Bildung roter \u00c4derchen.<\/p>\n\n\n\n<p><strong>\u2705 Bewusstsein f\u00fcr die Haut:<\/strong> Achte aufmerksam auf Ver\u00e4nderungen und suche bei Bedarf rechtzeitig einen Arzt auf, um fr\u00fchzeitig gegensteuern zu k\u00f6nnen.<\/p>\n\n\n\n<p>Wer fr\u00fchzeitig handelt und Risikofaktoren minimiert, kann das Erscheinungsbild der Haut deutlich verbessern und neuen Gef\u00e4\u00dfsch\u00e4den vorbeugen. Im Zweifelsfall sollte eine dermatologische Abkl\u00e4rung erfolgen, um zwischen harmlosen Ver\u00e4nderungen und behandlungsbed\u00fcrftigen Erkrankungen wie Rosazea zu unterscheiden.<\/p>\n\n\n\n<h3 class=\"wp-block-heading\">FAQ &#8211; H\u00e4ufig gestellte Fragen<\/h3>\n\n\n<div class=\"wp-block-uagb-faq uagb-faq__outer-wrap uagb-block-1aa24908 uagb-faq-icon-row uagb-faq-layout-accordion uagb-faq-expand-first-true uagb-faq-inactive-other-true uagb-faq__wrap uagb-buttons-layout-wrap uagb-faq-equal-height     \" data-faqtoggle=\"true\" role=\"tablist\"><div class=\"wp-block-uagb-faq-child uagb-faq-child__outer-wrap uagb-faq-item uagb-block-b7dc150c \" role=\"tab\" tabindex=\"0\"><div class=\"uagb-faq-questions-button uagb-faq-questions\">\t\t\t<span class=\"uagb-icon uagb-faq-icon-wrap\">\n\t\t\t\t\t\t\t\t<svg xmlns=\"https:\/\/www.w3.org\/2000\/svg\" viewBox= \"0 0 448 512\"><path d=\"M432 256c0 17.69-14.33 32.01-32 32.01H256v144c0 17.69-14.33 31.99-32 31.99s-32-14.3-32-31.99v-144H48c-17.67 0-32-14.32-32-32.01s14.33-31.99 32-31.99H192v-144c0-17.69 14.33-32.01 32-32.01s32 14.32 32 32.01v144h144C417.7 224 432 238.3 432 256z\"><\/path><\/svg>\n\t\t\t\t\t\t\t<\/span>\n\t\t\t\t\t\t<span class=\"uagb-icon-active uagb-faq-icon-wrap\">\n\t\t\t\t\t\t\t\t<svg xmlns=\"https:\/\/www.w3.org\/2000\/svg\" viewBox= \"0 0 448 512\"><path d=\"M400 288h-352c-17.69 0-32-14.32-32-32.01s14.31-31.99 32-31.99h352c17.69 0 32 14.3 32 31.99S417.7 288 400 288z\"><\/path><\/svg>\n\t\t\t\t\t\t\t<\/span>\n\t\t\t<span class=\"uagb-question\"><strong>Was sind rote \u00c4derchen im Gesicht?<\/strong><\/span><\/div><div class=\"uagb-faq-content\"><p>Rote \u00c4derchen sind erweiterte kleine Blutgef\u00e4\u00dfe (Teleangiektasien), die sichtbar und oft als feines, spinnennetzartiges Gef\u00e4\u00dfmuster auf der Haut erscheinen.<\/p><\/div><\/div><div class=\"wp-block-uagb-faq-child uagb-faq-child__outer-wrap uagb-faq-item uagb-block-602afc65 \" role=\"tab\" tabindex=\"0\"><div class=\"uagb-faq-questions-button uagb-faq-questions\">\t\t\t<span class=\"uagb-icon uagb-faq-icon-wrap\">\n\t\t\t\t\t\t\t\t<svg xmlns=\"https:\/\/www.w3.org\/2000\/svg\" viewBox= \"0 0 448 512\"><path d=\"M432 256c0 17.69-14.33 32.01-32 32.01H256v144c0 17.69-14.33 31.99-32 31.99s-32-14.3-32-31.99v-144H48c-17.67 0-32-14.32-32-32.01s14.33-31.99 32-31.99H192v-144c0-17.69 14.33-32.01 32-32.01s32 14.32 32 32.01v144h144C417.7 224 432 238.3 432 256z\"><\/path><\/svg>\n\t\t\t\t\t\t\t<\/span>\n\t\t\t\t\t\t<span class=\"uagb-icon-active uagb-faq-icon-wrap\">\n\t\t\t\t\t\t\t\t<svg xmlns=\"https:\/\/www.w3.org\/2000\/svg\" viewBox= \"0 0 448 512\"><path d=\"M400 288h-352c-17.69 0-32-14.32-32-32.01s14.31-31.99 32-31.99h352c17.69 0 32 14.3 32 31.99S417.7 288 400 288z\"><\/path><\/svg>\n\t\t\t\t\t\t\t<\/span>\n\t\t\t<span class=\"uagb-question\"><strong>Warum entstehen rote \u00c4derchen im Gesicht?<\/strong><\/span><\/div><div class=\"uagb-faq-content\"><p>Ursachen sind unter anderem genetische Veranlagung, UV-Strahlung, hormonelle Ver\u00e4nderungen, Alkohol, Hitze, Hauterkrankungen wie Rosazea oder Bluthochdruck.<\/p><\/div><\/div><div class=\"wp-block-uagb-faq-child uagb-faq-child__outer-wrap uagb-faq-item uagb-block-1e332c09 \" role=\"tab\" tabindex=\"0\"><div class=\"uagb-faq-questions-button uagb-faq-questions\">\t\t\t<span class=\"uagb-icon uagb-faq-icon-wrap\">\n\t\t\t\t\t\t\t\t<svg xmlns=\"https:\/\/www.w3.org\/2000\/svg\" viewBox= \"0 0 448 512\"><path d=\"M432 256c0 17.69-14.33 32.01-32 32.01H256v144c0 17.69-14.33 31.99-32 31.99s-32-14.3-32-31.99v-144H48c-17.67 0-32-14.32-32-32.01s14.33-31.99 32-31.99H192v-144c0-17.69 14.33-32.01 32-32.01s32 14.32 32 32.01v144h144C417.7 224 432 238.3 432 256z\"><\/path><\/svg>\n\t\t\t\t\t\t\t<\/span>\n\t\t\t\t\t\t<span class=\"uagb-icon-active uagb-faq-icon-wrap\">\n\t\t\t\t\t\t\t\t<svg xmlns=\"https:\/\/www.w3.org\/2000\/svg\" viewBox= \"0 0 448 512\"><path d=\"M400 288h-352c-17.69 0-32-14.32-32-32.01s14.31-31.99 32-31.99h352c17.69 0 32 14.3 32 31.99S417.7 288 400 288z\"><\/path><\/svg>\n\t\t\t\t\t\t\t<\/span>\n\t\t\t<span class=\"uagb-question\"><strong>Sind rote \u00c4derchen im Gesicht gef\u00e4hrlich?<\/strong><\/span><\/div><div class=\"uagb-faq-content\"><p>In den meisten F\u00e4llen sind sie harmlos und rein kosmetisch st\u00f6rend, k\u00f6nnen aber auch auf zugrundeliegende Hauterkrankungen hinweisen, die behandelt werden sollten.<\/p><\/div><\/div><div class=\"wp-block-uagb-faq-child uagb-faq-child__outer-wrap uagb-faq-item uagb-block-7f7daa3f \" role=\"tab\" tabindex=\"0\"><div class=\"uagb-faq-questions-button uagb-faq-questions\">\t\t\t<span class=\"uagb-icon uagb-faq-icon-wrap\">\n\t\t\t\t\t\t\t\t<svg xmlns=\"https:\/\/www.w3.org\/2000\/svg\" viewBox= \"0 0 448 512\"><path d=\"M432 256c0 17.69-14.33 32.01-32 32.01H256v144c0 17.69-14.33 31.99-32 31.99s-32-14.3-32-31.99v-144H48c-17.67 0-32-14.32-32-32.01s14.33-31.99 32-31.99H192v-144c0-17.69 14.33-32.01 32-32.01s32 14.32 32 32.01v144h144C417.7 224 432 238.3 432 256z\"><\/path><\/svg>\n\t\t\t\t\t\t\t<\/span>\n\t\t\t\t\t\t<span class=\"uagb-icon-active uagb-faq-icon-wrap\">\n\t\t\t\t\t\t\t\t<svg xmlns=\"https:\/\/www.w3.org\/2000\/svg\" viewBox= \"0 0 448 512\"><path d=\"M400 288h-352c-17.69 0-32-14.32-32-32.01s14.31-31.99 32-31.99h352c17.69 0 32 14.3 32 31.99S417.7 288 400 288z\"><\/path><\/svg>\n\t\t\t\t\t\t\t<\/span>\n\t\t\t<span class=\"uagb-question\"><strong>Kann man rote \u00c4derchen im Gesicht dauerhaft entfernen?<\/strong><\/span><\/div><div class=\"uagb-faq-content\"><p>Ja, mit modernen Verfahren wie Laser-, IPL- oder Elektrokoagulation k\u00f6nnen die erweiterten Gef\u00e4\u00dfe dauerhaft behandelt werden.<\/p><\/div><\/div><div class=\"wp-block-uagb-faq-child uagb-faq-child__outer-wrap uagb-faq-item uagb-block-cd068135 \" role=\"tab\" tabindex=\"0\"><div class=\"uagb-faq-questions-button uagb-faq-questions\">\t\t\t<span class=\"uagb-icon uagb-faq-icon-wrap\">\n\t\t\t\t\t\t\t\t<svg xmlns=\"https:\/\/www.w3.org\/2000\/svg\" viewBox= \"0 0 448 512\"><path d=\"M432 256c0 17.69-14.33 32.01-32 32.01H256v144c0 17.69-14.33 31.99-32 31.99s-32-14.3-32-31.99v-144H48c-17.67 0-32-14.32-32-32.01s14.33-31.99 32-31.99H192v-144c0-17.69 14.33-32.01 32-32.01s32 14.32 32 32.01v144h144C417.7 224 432 238.3 432 256z\"><\/path><\/svg>\n\t\t\t\t\t\t\t<\/span>\n\t\t\t\t\t\t<span class=\"uagb-icon-active uagb-faq-icon-wrap\">\n\t\t\t\t\t\t\t\t<svg xmlns=\"https:\/\/www.w3.org\/2000\/svg\" viewBox= \"0 0 448 512\"><path d=\"M400 288h-352c-17.69 0-32-14.32-32-32.01s14.31-31.99 32-31.99h352c17.69 0 32 14.3 32 31.99S417.7 288 400 288z\"><\/path><\/svg>\n\t\t\t\t\t\t\t<\/span>\n\t\t\t<span class=\"uagb-question\"><strong>Hilft eine Umstellung des Lebensstils bei roten \u00c4derchen?<\/strong><\/span><\/div><div class=\"uagb-faq-content\"><p>Ja, eine gesunde Lebensweise mit Vermeidung von Ausl\u00f6sern und pflanzlichen Supplementen kann das Risiko verringern und Symptome lindern.<\/p><\/div><\/div><\/div>\n\n\n<details class=\"wp-block-details is-layout-flow wp-block-details-is-layout-flow\"><summary>Quellenverzeichnis:<\/summary>\n<p>(1) Kern P. <a href=\"https:\/\/journals.sagepub.com\/doi\/10.1177\/0268355518756480?url_ver=Z39.88-2003&amp;rfr_id=ori:rid:crossref.org&amp;rfr_dat=cr_pub%20%200pubmed\" target=\"_blank\" rel=\"noopener\">Pathophysiology of telangiectasias of the lower legs and its therapeutic implication: A systematic review.<\/a> Phlebology. 2018;33(4):225-233. doi:10.1177\/0268355518756480<\/p>\n\n\n\n<p>(2) <a href=\"https:\/\/www.nutritionaloutlook.com\/view\/recent-study-finds-that-french-maritime-bark-extract-pycnogenol-may-reduce-hyperpigmentation\" target=\"_blank\" rel=\"noopener\">https:\/\/www.nutritionaloutlook.com\/view\/recent-study-finds-that-french-maritime-bark-extract-pycnogenol-may-reduce-hyperpigmentation<\/a><\/p>\n\n\n\n<p>(3) Pittler MH, Ernst E. <a href=\"https:\/\/pmc.ncbi.nlm.nih.gov\/articles\/PMC7144685\/pdf\/CD003230.pdf\" target=\"_blank\" rel=\"noopener\">Horse chestnut seed extract for chronic venous insufficiency. <\/a>Cochrane Database Syst Rev. 2012 Nov 14;11(11):CD003230. doi: 10.1002\/14651858.CD003230.pub4. PMID: 23152216; PMCID: PMC7144685.<\/p>\n\n\n\n<p>(4) Kalus U, Koscielny J, Grigorov A, Schaefer E, Peil H, Kiesewetter H. <a href=\"https:\/\/pubmed.ncbi.nlm.nih.gov\/15293865\/\" target=\"_blank\" rel=\"noopener\">Improvement of cutaneous microcirculation and oxygen supply in patients with chronic venous insufficiency by orally administered extract of red vine leaves AS 195: a randomised, double-blind, placebo-controlled, crossover study.<\/a> Drugs R D. 2004;5(2):63-71. doi: 10.2165\/00126839-200405020-00001. PMID: 15293865.<\/p>\n\n\n\n<p>(5) <a href=\"https:\/\/www.thieme-connect.com\/products\/ejournals\/html\/10.1055\/s-0034-1389248\" target=\"_blank\" rel=\"noopener\">Thieme E-Journals &#8211; Deutsche Heilpraktiker-Zeitschrift \/ Volltext<\/a><\/p>\n<\/details>\n","protected":false},"excerpt":{"rendered":"<p>Rote \u00c4derchen, die sich wie feine Netze \u00fcber Wangen, Nase oder Kinn ziehen, sind f\u00fcr viele Betroffene mehr als nur ein kleines Sch\u00f6nheits\u00adproblem. Es handelt sich dabei um die h\u00e4ufigste Hauterkrankung bei Erwachsenen. Hinter den auff\u00e4lligen Linien \u2013 medizinisch meist als Teleangiektasien oder Couperose bezeichnet \u2013 steckt eine dauerhafte Erweiterung oberfl\u00e4chlicher Blutgef\u00e4\u00dfe.&nbsp; Das Wichtigste in [&hellip;]<\/p>\n","protected":false},"author":15221,"featured_media":174633,"comment_status":"open","ping_status":"open","sticky":false,"template":"","format":"standard","meta":{"_acf_changed":false,"_mo_disable_npp":"","_uag_custom_page_level_css":"","footnotes":""},"categories":[259],"tags":[],"class_list":["post-174632","post","type-post","status-publish","format-standard","has-post-thumbnail","hentry","category-krankheiten"],"acf":[],"uagb_featured_image_src":{"full":["https:\/\/purazell.de\/blog\/wp-content\/uploads\/2025\/06\/Rote-Gesichts-Aederchen-scaled.jpg",2560,1440,false],"thumbnail":["https:\/\/purazell.de\/blog\/wp-content\/uploads\/2025\/06\/Rote-Gesichts-Aederchen-150x150.jpg",150,150,true],"medium":["https:\/\/purazell.de\/blog\/wp-content\/uploads\/2025\/06\/Rote-Gesichts-Aederchen-300x169.jpg",300,169,true],"medium_large":["https:\/\/purazell.de\/blog\/wp-content\/uploads\/2025\/06\/Rote-Gesichts-Aederchen-768x432.jpg",768,432,true],"large":["https:\/\/purazell.de\/blog\/wp-content\/uploads\/2025\/06\/Rote-Gesichts-Aederchen-1024x576.jpg",800,450,true],"1536x1536":["https:\/\/purazell.de\/blog\/wp-content\/uploads\/2025\/06\/Rote-Gesichts-Aederchen-1536x864.jpg",1536,864,true],"2048x2048":["https:\/\/purazell.de\/blog\/wp-content\/uploads\/2025\/06\/Rote-Gesichts-Aederchen-2048x1152.jpg",2048,1152,true]},"uagb_author_info":{"display_name":"Purazell","author_link":"https:\/\/purazell.de\/blog\/author\/philipp-gilg\/"},"uagb_comment_info":0,"uagb_excerpt":"Rote \u00c4derchen, die sich wie feine Netze \u00fcber Wangen, Nase oder Kinn ziehen, sind f\u00fcr viele Betroffene mehr als nur ein kleines Sch\u00f6nheits\u00adproblem. Es handelt sich dabei um die h\u00e4ufigste Hauterkrankung bei Erwachsenen. Hinter den auff\u00e4lligen Linien \u2013 medizinisch meist als Teleangiektasien oder Couperose bezeichnet \u2013 steckt eine dauerhafte Erweiterung oberfl\u00e4chlicher Blutgef\u00e4\u00dfe.&nbsp; Das Wichtigste in&hellip;","_links":{"self":[{"href":"https:\/\/purazell.de\/blog\/wp-json\/wp\/v2\/posts\/174632","targetHints":{"allow":["GET"]}}],"collection":[{"href":"https:\/\/purazell.de\/blog\/wp-json\/wp\/v2\/posts"}],"about":[{"href":"https:\/\/purazell.de\/blog\/wp-json\/wp\/v2\/types\/post"}],"author":[{"embeddable":true,"href":"https:\/\/purazell.de\/blog\/wp-json\/wp\/v2\/users\/15221"}],"replies":[{"embeddable":true,"href":"https:\/\/purazell.de\/blog\/wp-json\/wp\/v2\/comments?post=174632"}],"version-history":[{"count":6,"href":"https:\/\/purazell.de\/blog\/wp-json\/wp\/v2\/posts\/174632\/revisions"}],"predecessor-version":[{"id":174803,"href":"https:\/\/purazell.de\/blog\/wp-json\/wp\/v2\/posts\/174632\/revisions\/174803"}],"wp:featuredmedia":[{"embeddable":true,"href":"https:\/\/purazell.de\/blog\/wp-json\/wp\/v2\/media\/174633"}],"wp:attachment":[{"href":"https:\/\/purazell.de\/blog\/wp-json\/wp\/v2\/media?parent=174632"}],"wp:term":[{"taxonomy":"category","embeddable":true,"href":"https:\/\/purazell.de\/blog\/wp-json\/wp\/v2\/categories?post=174632"},{"taxonomy":"post_tag","embeddable":true,"href":"https:\/\/purazell.de\/blog\/wp-json\/wp\/v2\/tags?post=174632"}],"curies":[{"name":"wp","href":"https:\/\/api.w.org\/{rel}","templated":true}]}}